{"id":933,"date":"2021-04-08T15:28:03","date_gmt":"2021-04-08T15:28:03","guid":{"rendered":"https:\/\/5066702284bff58ac48bf508912c4181\/?p=933"},"modified":"2021-04-09T19:20:45","modified_gmt":"2021-04-09T19:20:45","slug":"gouvernement-de-la-nation-crie-strategie-crie-de-conservation-regionale","status":"publish","type":"post","link":"https:\/\/www.lagrandealliance.quebec\/fr\/gouvernement-de-la-nation-crie-strategie-crie-de-conservation-regionale\/","title":{"rendered":"Gouvernement de la nation Crie : Strat\u00e9gie Crie de conservation r\u00e9gionale"},"content":{"rendered":"","protected":false},"excerpt":{"rendered":"<p>Gouvernement de la nation Crie : Strat\u00e9gie Crie de conservation r\u00e9gionale<\/p>\n","protected":false},"author":1,"featured_media":948,"comment_status":"closed","ping_status":"closed","sticky":false,"template":"","format":"standard","meta":{"_acf_changed":false,"footnotes":""},"categories":[18],"tags":[],"class_list":["post-933","post","type-post","status-publish","format-standard","has-post-thumbnail","hentry","category-documents-de-reference"],"acf":[],"aioseo_notices":[],"_links":{"self":[{"href":"https:\/\/www.lagrandealliance.quebec\/fr\/wp-json\/wp\/v2\/posts\/933","targetHints":{"allow":["GET"]}}],"collection":[{"href":"https:\/\/www.lagrandealliance.quebec\/fr\/wp-json\/wp\/v2\/posts"}],"about":[{"href":"https:\/\/www.lagrandealliance.quebec\/fr\/wp-json\/wp\/v2\/types\/post"}],"author":[{"embeddable":true,"href":"https:\/\/www.lagrandealliance.quebec\/fr\/wp-json\/wp\/v2\/users\/1"}],"replies":[{"embeddable":true,"href":"https:\/\/www.lagrandealliance.quebec\/fr\/wp-json\/wp\/v2\/comments?post=933"}],"version-history":[{"count":0,"href":"https:\/\/www.lagrandealliance.quebec\/fr\/wp-json\/wp\/v2\/posts\/933\/revisions"}],"wp:featuredmedia":[{"embeddable":true,"href":"https:\/\/www.lagrandealliance.quebec\/fr\/wp-json\/wp\/v2\/media\/948"}],"wp:attachment":[{"href":"https:\/\/www.lagrandealliance.quebec\/fr\/wp-json\/wp\/v2\/media?parent=933"}],"wp:term":[{"taxonomy":"category","embeddable":true,"href":"https:\/\/www.lagrandealliance.quebec\/fr\/wp-json\/wp\/v2\/categories?post=933"},{"taxonomy":"post_tag","embeddable":true,"href":"https:\/\/www.lagrandealliance.quebec\/fr\/wp-json\/wp\/v2\/tags?post=933"}],"curies":[{"name":"wp","href":"https:\/\/api.w.org\/{rel}","templated":true}]}}